{"id":7405,"date":"2025-01-05T15:52:39","date_gmt":"2025-01-05T14:52:39","guid":{"rendered":"https:\/\/cglem.org\/sin-categorizar\/la-masoneria-escocesa-en-el-mundo-moderno\/"},"modified":"2025-04-04T16:39:01","modified_gmt":"2025-04-04T14:39:01","slug":"la-masoneria-escocesa-en-el-mundo-moderno","status":"publish","type":"post","link":"https:\/\/cglem.org\/es\/conferencias-de-la-logia\/la-masoneria-escocesa-en-el-mundo-moderno\/","title":{"rendered":"La masoner\u00eda escocesa en el mundo moderno"},"content":{"rendered":"\n<p><strong>Honorables Hermanos y queridos lectores interesados de estas l\u00edneas:  <\/strong><\/p>\n\n<div style=\"height:15px\" aria-hidden=\"true\" class=\"wp-block-spacer\"><\/div>\n\n<p>El 21 de diciembre de 2024, el sol pas\u00f3 por su punto m\u00e1s bajo en el firmamento del Hemisferio Norte. Parece como si este estado de oscuridad se reflejara en nuestro actual desarrollo sociopol\u00edtico. <\/p>\n\n<div style=\"height:15px\" aria-hidden=\"true\" class=\"wp-block-spacer\"><\/div>\n\n<p>Con la llegada del solsticio de invierno, es nuestro deseo que ahora cada d\u00eda nos saque de esta oscuridad, traiga luz a nuestra sombr\u00eda existencia&#8230; y realmente lo hace, pero no olvidemos que en el Hemisferio Sur tenemos el efecto contrario&#8230;<br\/>lo que queda en nuestro entorno secular es un estado de incertidumbre, inestabilidad, un tiempo de agitaci\u00f3n, acompa\u00f1ado de energ\u00eda negativa y que se siente en todos los continentes. Las causas son de cosecha propia; la humanidad de nuestro fr\u00e1gil planeta necesita urgentemente recapacitar&#8230;<br\/>Estos tiempos plantean un reto particular para nosotros, los masones. Podemos y debemos asegurarnos de dar siempre un buen ejemplo en nuestro entorno cotidiano. S\u00f3lo podemos contrarrestar la intolerancia, el odio y la violencia con el mensaje del amor y la tolerancia; nuestros templos mas\u00f3nicos, nuestro trabajo y nuestro canon de valores as\u00ed lo subrayan.   <\/p>\n\n<div style=\"height:15px\" aria-hidden=\"true\" class=\"wp-block-spacer\"><\/div>\n\n<p>La creencia en los valores e hitos fundamentales de la masoner\u00eda es el v\u00ednculo que nos une y est\u00e1 por encima de todo lo dem\u00e1s. Recordemos siempre los ideales de la masoner\u00eda: \u00a1libertad, igualdad, fraternidad, humanidad y tolerancia! <\/p>\n\n<div style=\"height:15px\" aria-hidden=\"true\" class=\"wp-block-spacer\"><\/div>\n\n<p><\/p>\n\n<p>En nuestra organizaci\u00f3n, estos valores fundamentales est\u00e1n por encima de cualquier moneda de cambio capitalista de la sociedad profana que ciega y nubla nuestros pensamientos. Esta visi\u00f3n de la convivencia virtuosa es compartida por nuestros hermanos de distintos continentes, independientemente de su origen cultural. <\/p>\n\n<div style=\"height:15px\" aria-hidden=\"true\" class=\"wp-block-spacer\"><\/div>\n\n<p>En nuestra Confederaci\u00f3n, nos esforzamos diariamente por moldear este c\u00f3digo \u00e9tico de conducta en una forma que sea adecuada para todos nosotros, en beneficio de toda la humanidad. Por ello, como Presidente saliente de la CGLEM, me complace especialmente haber podido asumir, junto con el Presidente de la CMSA, el patrocinio del reconocimiento mutuo de nuestras confederaciones y, de este modo, dar forma tambi\u00e9n activamente a una parte de la historia de nuestras fraternidades. <\/p>\n\n<div style=\"height:15px\" aria-hidden=\"true\" class=\"wp-block-spacer\"><\/div>\n\n<p>El camino de luz que hemos recorrido juntos bajo la supervisi\u00f3n del Gran Arquitecto, as\u00ed como la conservaci\u00f3n de nuestras tradiciones e hitos, ser\u00e1n continuados sin fisuras por mi sucesor, el Gran Maestro de la Gran Logia Nacional 1805 de Italia, que ha sido debidamente investido.<\/p>\n\n<div style=\"height:15px\" aria-hidden=\"true\" class=\"wp-block-spacer\"><\/div>\n\n<p>Honorables hermanos en las formas de direcci\u00f3n apropiadas, queridos lectores interesados, una cosa es cierta en este punto:<br\/>\u00abLa masoner\u00eda escocesa es m\u00e1s una transmisi\u00f3n del fuego que una mera conservaci\u00f3n de las cenizas\u00bb.<\/p>\n\n<div style=\"height:15px\" aria-hidden=\"true\" class=\"wp-block-spacer\"><\/div>\n\n<div style=\"height:15px\" aria-hidden=\"true\" class=\"wp-block-spacer\"><\/div>\n\n<p><strong>MW GM Br:. Armin R:. <\/strong><\/p>\n\n<p><strong>Gran Maestro | Gran Logia Mas\u00f3nica Nacional de Austria<br\/>Ex Presidente del CGLEM | Presidente de Honor CMSA<\/strong><\/p>\n","protected":false},"excerpt":{"rendered":"<p>El 21 de diciembre de 2024, el sol pas\u00f3 por su punto m\u00e1s bajo en el firmamento del Hemisferio Norte. Parece como si este estado de oscuridad se reflejara en nuestro actual desarrollo sociopol\u00edtico. <\/p>\n","protected":false},"author":2,"featured_media":7395,"comment_status":"open","ping_status":"open","sticky":false,"template":"","format":"standard","meta":{"ngg_post_thumbnail":0,"footnotes":""},"categories":[63],"tags":[],"class_list":["post-7405","post","type-post","status-publish","format-standard","has-post-thumbnail","hentry","category-conferencias-de-la-logia"],"_links":{"self":[{"href":"https:\/\/cglem.org\/es\/wp-json\/wp\/v2\/posts\/7405","targetHints":{"allow":["GET"]}}],"collection":[{"href":"https:\/\/cglem.org\/es\/wp-json\/wp\/v2\/posts"}],"about":[{"href":"https:\/\/cglem.org\/es\/wp-json\/wp\/v2\/types\/post"}],"author":[{"embeddable":true,"href":"https:\/\/cglem.org\/es\/wp-json\/wp\/v2\/users\/2"}],"replies":[{"embeddable":true,"href":"https:\/\/cglem.org\/es\/wp-json\/wp\/v2\/comments?post=7405"}],"version-history":[{"count":0,"href":"https:\/\/cglem.org\/es\/wp-json\/wp\/v2\/posts\/7405\/revisions"}],"wp:featuredmedia":[{"embeddable":true,"href":"https:\/\/cglem.org\/es\/wp-json\/wp\/v2\/media\/7395"}],"wp:attachment":[{"href":"https:\/\/cglem.org\/es\/wp-json\/wp\/v2\/media?parent=7405"}],"wp:term":[{"taxonomy":"category","embeddable":true,"href":"https:\/\/cglem.org\/es\/wp-json\/wp\/v2\/categories?post=7405"},{"taxonomy":"post_tag","embeddable":true,"href":"https:\/\/cglem.org\/es\/wp-json\/wp\/v2\/tags?post=7405"}],"curies":[{"name":"wp","href":"https:\/\/api.w.org\/{rel}","templated":true}]}}