{"id":5735,"date":"2023-10-27T11:20:37","date_gmt":"2023-10-27T09:20:37","guid":{"rendered":"https:\/\/cglem.org\/sobre-a-situacao-atual-no-medio-oriente\/"},"modified":"2024-11-12T18:07:29","modified_gmt":"2024-11-12T17:07:29","slug":"sobre-a-situacao-atual-no-medio-oriente","status":"publish","type":"post","link":"https:\/\/cglem.org\/pt-pt\/confederacao\/sobre-a-situacao-atual-no-medio-oriente\/","title":{"rendered":"Sobre a situa\u00e7\u00e3o atual no M\u00e9dio Oriente"},"content":{"rendered":"\n<p>Caros irm\u00e3os em todas as vossas qualidades!<\/p>\n\n<p><br\/><\/p>\n\n<p>Caros leitores e leitoras, na forma adequada de endere\u00e7o!<\/p>\n\n<p><br\/><\/p>\n\n<p>Todos n\u00f3s testemunh\u00e1mos os terr\u00edveis acontecimentos ocorridos em Israel nos \u00faltimos dias. Para quem est\u00e1 de fora, \u00e9 dif\u00edcil compreender estes actos brutais de terror, que foram principalmente dirigidos contra a popula\u00e7\u00e3o civil, e estamos todos em choque. Os nossos mais profundos sentimentos e condol\u00eancias v\u00e3o para as fam\u00edlias enlutadas das muitas v\u00edtimas inocentes e rezamos ao Grande Arquiteto para que n\u00e3o haja mais pessoas afectadas. Em estreita coordena\u00e7\u00e3o com os nossos irm\u00e3os israelitas, n\u00e3o nos restou outra alternativa sen\u00e3o cancelar imediatamente a pr\u00f3xima reuni\u00e3o da confedera\u00e7\u00e3o na cidade de Telavive. Para al\u00e9m da tomada de posse de um novo Gr\u00e3o-Mestre, esta reuni\u00e3o teria tamb\u00e9m marcado a aceita\u00e7\u00e3o de uma nova Grande Loja no nosso seio. Os acontecimentos actuais encorajaram-nos nesta rejei\u00e7\u00e3o e, neste momento, a nossa aten\u00e7\u00e3o est\u00e1 voltada para a popula\u00e7\u00e3o que sofre em Israel, a prote\u00e7\u00e3o da popula\u00e7\u00e3o civil deve ser garantida e a soberania deve ser restaurada. No 75\u00ba ano da funda\u00e7\u00e3o do Estado, estes acontecimentos s\u00e3o os piores desde os confrontos do Yom Kippur, h\u00e1 50 anos. Entretanto, muitas das partes em conflito na altura assinaram um tratado de reconhecimento com Israel, o que representa, na pr\u00e1tica, a paz em benef\u00edcio de todos!<br\/><br\/><\/p>\n\n<p>A viol\u00eancia, a opress\u00e3o e o terror em nome de organiza\u00e7\u00f5es com motiva\u00e7\u00f5es religiosas t\u00eam de ser claramente expulsos de todo o lado! Os nossos irm\u00e3os de al\u00e9m-mar est\u00e3o a apoiar-nos magnificamente e as manifesta\u00e7\u00f5es de solidariedade chegam de todas as partes do mundo. Os membros da nossa organiza\u00e7\u00e3o-irm\u00e3 Confedera\u00e7\u00e3o Simb\u00f3lica das Am\u00e9ricas, que est\u00e1 legitimada sob a nossa jurisdi\u00e7\u00e3o, manifestaram a sua total simpatia e apoio \u00e0 nossa Irmandade Israelita. O Grande Arquiteto do Universo velar\u00e1 por cada irm\u00e3o e por toda a sua fam\u00edlia e ser\u00e1 a luz no seu caminho, \u00e9 isso que todos esperamos e constru\u00edmos. Todos os nossos Irm\u00e3os, independentemente das suas posi\u00e7\u00f5es ou graus, s\u00e3o solid\u00e1rios com a nossa Irmandade israelita e com o povo de Israel. Todos n\u00f3s devemos defender as paredes do nosso Templo Solom\u00f3nico comum contra qualquer tipo de intrusos, este \u00e9 o nosso dever como Ma\u00e7ons regulares de boa reputa\u00e7\u00e3o do Rito Escoc\u00eas Antigo e Aceite. Tamb\u00e9m n\u00e3o queremos deixar de mencionar as muitas situa\u00e7\u00f5es de conflito noutras partes do mundo; mantemo-nos atentos a elas e apoiamo-nos mutuamente nestes tempos dif\u00edceis. A liberdade, a igualdade, a fraternidade, a humanidade e a toler\u00e2ncia s\u00e3o valores inabal\u00e1veis que nos devem acompanhar sempre no nosso caminho de virtude.<br\/><br\/><\/p>\n\n<p>Em nome da Confedera\u00e7\u00e3o, foi o que eu disse.<\/p>\n\n<p><br\/><\/p>\n\n<p>A\u2234R\u2234<br\/><\/p>\n\n<p>Presidente C\u2234G\u2234L\u2234E\u2234M\u2234<br\/><\/p>\n\n<p>Grande Mestre G\u2234M\u2234L\u2234A<br\/><br\/><\/p>\n\n<div class=\"wp-block-algori-pdf-viewer-block-algori-pdf-viewer\"><iframe class=\"wp-block-algori-pdf-viewer-block-algori-pdf-viewer-iframe\" src=\"https:\/\/cglem.org\/wp-content\/plugins\/algori-pdf-viewer\/dist\/web\/viewer.html?file=https%3A%2F%2Fcglem.org%2Fwp-content%2Fuploads%2F2023%2F10%2F23-10-12_Letter-from-the-President-CGLEM-.pdf\" style=\"width:600px;height:300px\"><\/iframe><\/div>\n\n<p><br\/><br\/><\/p>\n\n<hr class=\"wp-block-separator has-alpha-channel-opacity\"\/>\n\n<p><br\/><br\/><\/p>\n\n<figure class=\"wp-block-image size-large\"><img fetchpriority=\"high\" decoding=\"async\" width=\"603\" height=\"1024\" src=\"https:\/\/cglem.org\/wp-content\/uploads\/2023\/10\/IMG_4683-603x1024.jpg\" alt=\"\" class=\"wp-image-5227\" srcset=\"https:\/\/cglem.org\/wp-content\/uploads\/2023\/10\/IMG_4683-603x1024.jpg 603w, https:\/\/cglem.org\/wp-content\/uploads\/2023\/10\/IMG_4683-177x300.jpg 177w, https:\/\/cglem.org\/wp-content\/uploads\/2023\/10\/IMG_4683.jpg 653w\" sizes=\"(max-width: 603px) 100vw, 603px\" \/><\/figure>\n\n<p><\/p>\n\n<hr class=\"wp-block-separator has-alpha-channel-opacity\"\/>\n\n<p><br\/><br\/><strong>Nota P\u00fablica de Solidariedade pela Paz em Israel<br\/><\/strong><br\/> A Confedera\u00e7\u00e3o da Ma\u00e7onaria Simb\u00f3lica das Am\u00e9ricas &#8211; CMSA vem a p\u00fablico lamentar e solidarizar-se e apelar \u00e0 paz em Israel e ao fim dos atentados. Condenamos veementemente todos os ataques terroristas contra Israel. Manifestamos a nossa total solidariedade para com as v\u00edtimas, as suas fam\u00edlias e todos os seus entes queridos. Reiteramos que n\u00e3o h\u00e1, de forma alguma, qualquer justifica\u00e7\u00e3o para o uso da viol\u00eancia, especialmente sem qualquer raz\u00e3o, quando se ataca civis inocentes, nunca h\u00e1 qualquer justifica\u00e7\u00e3o ou meio para o uso de ac\u00e7\u00f5es terroristas que n\u00e3o seja o uso da ignor\u00e2ncia.<br\/><br\/><\/p>\n\n<p>Jonas Lino de Oliveira<br\/>Presidente CMSA<br\/><br\/><\/p>\n\n<div class=\"wp-block-algori-pdf-viewer-block-algori-pdf-viewer\"><iframe class=\"wp-block-algori-pdf-viewer-block-algori-pdf-viewer-iframe\" src=\"https:\/\/cglem.org\/wp-content\/plugins\/algori-pdf-viewer\/dist\/web\/viewer.html?file=https%3A%2F%2Fcglem.org%2Fwp-content%2Fuploads%2F2023%2F10%2FNOTA_PUBLICA_EM_SOLIDARIEDADE_PELA_PAZ_EM_ISRAEL_confederacao.pdf\" style=\"width:600px;height:300px\"><\/iframe><\/div>\n","protected":false},"excerpt":{"rendered":"<p>Todos n\u00f3s testemunh\u00e1mos os terr\u00edveis acontecimentos ocorridos em Israel nos \u00faltimos dias. Para quem est\u00e1 de fora, \u00e9 dif\u00edcil compreender estes actos brutais de terror, que foram principalmente dirigidos contra a popula\u00e7\u00e3o civil, e estamos todos em choque. <\/p>\n","protected":false},"author":2,"featured_media":5736,"comment_status":"closed","ping_status":"closed","sticky":false,"template":"","format":"standard","meta":{"ngg_post_thumbnail":0,"footnotes":""},"categories":[54],"tags":[],"class_list":["post-5735","post","type-post","status-publish","format-standard","has-post-thumbnail","hentry","category-confederacao"],"_links":{"self":[{"href":"https:\/\/cglem.org\/pt-pt\/wp-json\/wp\/v2\/posts\/5735","targetHints":{"allow":["GET"]}}],"collection":[{"href":"https:\/\/cglem.org\/pt-pt\/wp-json\/wp\/v2\/posts"}],"about":[{"href":"https:\/\/cglem.org\/pt-pt\/wp-json\/wp\/v2\/types\/post"}],"author":[{"embeddable":true,"href":"https:\/\/cglem.org\/pt-pt\/wp-json\/wp\/v2\/users\/2"}],"replies":[{"embeddable":true,"href":"https:\/\/cglem.org\/pt-pt\/wp-json\/wp\/v2\/comments?post=5735"}],"version-history":[{"count":0,"href":"https:\/\/cglem.org\/pt-pt\/wp-json\/wp\/v2\/posts\/5735\/revisions"}],"wp:featuredmedia":[{"embeddable":true,"href":"https:\/\/cglem.org\/pt-pt\/wp-json\/wp\/v2\/media\/5736"}],"wp:attachment":[{"href":"https:\/\/cglem.org\/pt-pt\/wp-json\/wp\/v2\/media?parent=5735"}],"wp:term":[{"taxonomy":"category","embeddable":true,"href":"https:\/\/cglem.org\/pt-pt\/wp-json\/wp\/v2\/categories?post=5735"},{"taxonomy":"post_tag","embeddable":true,"href":"https:\/\/cglem.org\/pt-pt\/wp-json\/wp\/v2\/tags?post=5735"}],"curies":[{"name":"wp","href":"https:\/\/api.w.org\/{rel}","templated":true}]}}